{"id":14051,"date":"2026-05-03T12:21:40","date_gmt":"2026-05-03T10:21:40","guid":{"rendered":"https:\/\/tgoffenau.de\/tgo\/?p=14051"},"modified":"2026-05-03T13:04:07","modified_gmt":"2026-05-03T11:04:07","slug":"32-offenauer-wolleball-kapp-ein-startplatz-noch-frei","status":"publish","type":"post","link":"https:\/\/tgoffenau.de\/tgo\/32-offenauer-wolleball-kapp-ein-startplatz-noch-frei\/","title":{"rendered":"32. OFFENAUER WOLLEBALL-KAPP \u2013 ALLE 18 STARTPL\u00c4TZE SIND BELEGT !"},"content":{"rendered":"<div class=\"fusion-fullwidth fullwidth-box fusion-builder-row-1 fusion-flex-container has-pattern-background has-mask-background nonhundred-percent-fullwidth non-hundred-percent-height-scrolling\" style=\"--awb-border-radius-top-left:0px;--awb-border-radius-top-right:0px;--awb-border-radius-bottom-right:0px;--awb-border-radius-bottom-left:0px;--awb-flex-wrap:wrap;\" ><div class=\"fusion-builder-row fusion-row fusion-flex-align-items-flex-start fusion-flex-content-wrap\" style=\"max-width:1216.8px;margin-left: calc(-4% \/ 2 );margin-right: calc(-4% \/ 2 );\"><div class=\"fusion-layout-column fusion_builder_column fusion-builder-column-0 fusion_builder_column_1_1 1_1 fusion-flex-column\" style=\"--awb-bg-size:cover;--awb-width-large:100%;--awb-margin-top-large:0px;--awb-spacing-right-large:1.92%;--awb-margin-bottom-large:20px;--awb-spacing-left-large:1.92%;--awb-width-medium:100%;--awb-order-medium:0;--awb-spacing-right-medium:1.92%;--awb-spacing-left-medium:1.92%;--awb-width-small:100%;--awb-order-small:0;--awb-spacing-right-small:1.92%;--awb-spacing-left-small:1.92%;\"><div class=\"fusion-column-wrapper fusion-column-has-shadow fusion-flex-justify-content-flex-start fusion-content-layout-column\"><div class=\"fusion-text fusion-text-1\"><p><a href=\"https:\/\/tgoffenau.de\/tgo\/anmeldung-wolleball-kapp\/\" rel=\"https:\/\/tgoffenau.de\/tgo\/anmeldung-wolleball-kapp\/\"><img decoding=\"async\" class=\"lazyload alignnone wp-image-14052 size-full\" src=\"data:image\/svg+xml,%3Csvg%20xmlns%3D%27http%3A%2F%2Fwww.w3.org%2F2000%2Fsvg%27%20width%3D%27600%27%20height%3D%27800%27%20viewBox%3D%270%200%20600%20800%27%3E%3Crect%20width%3D%27600%27%20height%3D%27800%27%20fill-opacity%3D%220%22%2F%3E%3C%2Fsvg%3E\" data-orig-src=\"https:\/\/tgoffenau.de\/tgo\/wp-content\/uploads\/2026\/05\/Titelseite2026-1Startplatznochfrei-k.jpg\" alt=\"\" width=\"600\" height=\"800\" \/><\/a><\/p>\n<\/div><div class=\"fusion-text fusion-text-2\"><p>Er geh\u00f6rt zur absolut festen Gr\u00f6\u00dfe im Sportgeschehen der TG Offenau und ist der sportliche H\u00f6hepunkt des Jahres im Vereinsleben \u2013 der Offenauer Wolleball-Kapp in seiner 32. Auflage. Wir freuen uns, dass die Anmeldezahl auch 2026 ungebrochen hoch ist und das l\u00e4sst wieder auf tolle Spiele und ein abwechslungsreiches Turnier hoffen. Alle 18 Startpl\u00e4tze sind vergeben !<\/p>\n<p>F\u00fcr alle Spieler, Fans, Zuschauer oder Betreuer gibt es ein reichhaltiges kulinarisches Begleitprogramm. Eine gro\u00dfe Getr\u00e4nkeauswahl aus unserem Getr\u00e4nkewagen, mit Bieren vom Fass, \u00fcber Kaffee, Kuchen, Torten, oder Currywurst und Stadionwurst direkt vom Grill. Feiern Sie in diesem Rahmen mit den Volleyballern dieses Sportfest.<\/p>\n<p>Los geht\u2019s mit dem Wolleball-Kapp am Samstag, 09.05.2026 ab 12.30 Uhr in der Sporthalle in Offenau. Ab 12.00 Uhr ist die Halle zum Warmspielen ge\u00f6ffnet.<\/p>\n<p>Die Mannschaften hoffen auf eine lautstarke und zahlreiche Unterst\u00fctzung von Fans, Vereins- und Spartenmitgliedern, Freunden oder Kollegen.<\/p>\n<p>Auf jedenfall freuen wir uns auf SIE und einen tollen Wolleball-Kapp 2026 !!!<\/p>\n<p>&nbsp;<\/p>\n<p><b>FREIES TRAINING<\/b><\/p>\n<p>Am Donnerstag, den 07.05.2026 besteht ab 19.30 Uhr wieder die M\u00f6glichkeit zum freien Training. Einfach in der Sporthalle vorbeikommen.\u00a0<\/p>\n<p>&nbsp;<\/p>\n<p><b>AUFBAU \/ ABBAU<\/b><\/p>\n<p>Der Aufbau f\u00fcr den Wolleball-Kapp beginnt am Freitag, 08.05.2023 ab 18.00 Uhr. Nach dem Training werden die Felder und die restliche Infrastruktur aufgebaut.\u00a0<\/p>\n<p>F\u00fcr den Abbau am Samstag direkt nach dem Turnier freuen wir uns noch \u00fcber Helferinnen und Helfer. Auf www.tgo-volleyball.de ist der Einsatzplan online. Bitte eintragen. DANKE\u00a0<\/p>\n<p>&nbsp;<\/p>\n<p><b>KUCHEN<\/b><\/p>\n<p>Wir freuen uns \u00fcber Kuchen- und Tortenspenden f\u00fcr den Wolleball-Kapp. Um wieder eine reichhaltige Auswahl zu haben bitte Bettina Fischer oder Matthias H\u00f6ll Kuchen- oder Tortensorte durchgeben:<\/p>\n<p>&#98;e&#x74;t&#x69;n&#x61;&#46;&#x66;&#105;&#x73;&#99;&#x68;&#101;&#x72;&#64;t&#103;o&#x2d;v&#x6f;l&#x6c;&#101;&#x79;&#98;&#x61;&#108;&#x6c;&#46;&#x64;&#101;<br \/>\nmatthias&#46;&#104;&#111;&#101;&#108;&#108;&#64;&#116;&#103;&#111;&#x2d;&#x76;&#x6f;&#x6c;&#x6c;&#x65;&#x79;&#x62;&#x61;&#x6c;&#x6c;&#x2e;&#x64;&#x65;\u00a0<\/p>\n<\/div><\/div><\/div><\/div><\/div>\n","protected":false},"excerpt":{"rendered":"Er geh\u00f6rt zur absolut festen Gr\u00f6\u00dfe im Sportgeschehen der TG Offenau und ist der sportliche H\u00f6hepunkt des Jahres im Vereinsleben \u2013 der Offenauer Wolleball-Kapp in seiner 32. Auflage. Wir freuen uns, dass die Anmeldezahl auch 2026 ungebrochen hoch ist und das l\u00e4sst wieder auf tolle Spiele und ein abwechslungsreiches Turnier hoffen. Alle 18 Startpl\u00e4tze sind","protected":false},"author":1,"featured_media":0,"comment_status":"open","ping_status":"open","sticky":false,"template":"","format":"standard","meta":{"footnotes":""},"categories":[49],"tags":[],"class_list":["post-14051","post","type-post","status-publish","format-standard","hentry","category-volleyball"],"_links":{"self":[{"href":"https:\/\/tgoffenau.de\/tgo\/wp-json\/wp\/v2\/posts\/14051","targetHints":{"allow":["GET"]}}],"collection":[{"href":"https:\/\/tgoffenau.de\/tgo\/wp-json\/wp\/v2\/posts"}],"about":[{"href":"https:\/\/tgoffenau.de\/tgo\/wp-json\/wp\/v2\/types\/post"}],"author":[{"embeddable":true,"href":"https:\/\/tgoffenau.de\/tgo\/wp-json\/wp\/v2\/users\/1"}],"replies":[{"embeddable":true,"href":"https:\/\/tgoffenau.de\/tgo\/wp-json\/wp\/v2\/comments?post=14051"}],"version-history":[{"count":2,"href":"https:\/\/tgoffenau.de\/tgo\/wp-json\/wp\/v2\/posts\/14051\/revisions"}],"predecessor-version":[{"id":14061,"href":"https:\/\/tgoffenau.de\/tgo\/wp-json\/wp\/v2\/posts\/14051\/revisions\/14061"}],"wp:attachment":[{"href":"https:\/\/tgoffenau.de\/tgo\/wp-json\/wp\/v2\/media?parent=14051"}],"wp:term":[{"taxonomy":"category","embeddable":true,"href":"https:\/\/tgoffenau.de\/tgo\/wp-json\/wp\/v2\/categories?post=14051"},{"taxonomy":"post_tag","embeddable":true,"href":"https:\/\/tgoffenau.de\/tgo\/wp-json\/wp\/v2\/tags?post=14051"}],"curies":[{"name":"wp","href":"https:\/\/api.w.org\/{rel}","templated":true}]}}