{"id":13671,"date":"2026-03-08T19:10:36","date_gmt":"2026-03-08T18:10:36","guid":{"rendered":"https:\/\/tgoffenau.de\/tgo\/?p=13671"},"modified":"2026-03-08T19:10:36","modified_gmt":"2026-03-08T18:10:36","slug":"jahreshauptversammlung-tg-offenau-1910-e-v","status":"publish","type":"post","link":"https:\/\/tgoffenau.de\/tgo\/jahreshauptversammlung-tg-offenau-1910-e-v\/","title":{"rendered":"Jahreshauptversammlung TG Offenau 1910 e. V."},"content":{"rendered":"<div class=\"fusion-fullwidth fullwidth-box fusion-builder-row-1 fusion-flex-container has-pattern-background has-mask-background nonhundred-percent-fullwidth non-hundred-percent-height-scrolling\" style=\"--awb-border-radius-top-left:0px;--awb-border-radius-top-right:0px;--awb-border-radius-bottom-right:0px;--awb-border-radius-bottom-left:0px;--awb-flex-wrap:wrap;\" ><div class=\"fusion-builder-row fusion-row fusion-flex-align-items-flex-start fusion-flex-content-wrap\" style=\"max-width:1216.8px;margin-left: calc(-4% \/ 2 );margin-right: calc(-4% \/ 2 );\"><div class=\"fusion-layout-column fusion_builder_column fusion-builder-column-0 fusion_builder_column_1_1 1_1 fusion-flex-column\" style=\"--awb-bg-size:cover;--awb-width-large:100%;--awb-margin-top-large:0px;--awb-spacing-right-large:1.92%;--awb-margin-bottom-large:20px;--awb-spacing-left-large:1.92%;--awb-width-medium:100%;--awb-order-medium:0;--awb-spacing-right-medium:1.92%;--awb-spacing-left-medium:1.92%;--awb-width-small:100%;--awb-order-small:0;--awb-spacing-right-small:1.92%;--awb-spacing-left-small:1.92%;\"><div class=\"fusion-column-wrapper fusion-column-has-shadow fusion-flex-justify-content-flex-start fusion-content-layout-column\"><div class=\"fusion-text fusion-text-1\"><p>Hiermit lade ich alle Mitglieder der Turngemeinde Offenau 1910 e. V. zu der am Freitag, den 27. M\u00e4rz 2026 stattfindenden Jahreshauptversammlung, in unsere Sportgastst\u00e4tte, Am M\u00fchlweg 9, 74254 Offenau, recht herzlich ein. Beginn 19:30 Uhr.<\/p>\n<p><strong>Tagesordnung\u00a0<\/strong><\/p>\n<ol>\n<li>Begr\u00fc\u00dfung<\/li>\n<li>Berichte:\n<ol>\n<li>Vorsitzender<\/li>\n<li>Abteilungen<\/li>\n<li>Kassenbericht<\/li>\n<li>Kassenpr\u00fcfer<\/li>\n<\/ol>\n<\/li>\n<li>Aussprache<\/li>\n<li>Entlastung des Vorstands<\/li>\n<li>Haushaltsplan 2026<\/li>\n<li>Neuwahlen\n<ol>\n<li>1. Vorsitzender<\/li>\n<li>2. Vorsitzender<\/li>\n<li>Finanzvorstand<\/li>\n<li>2. Kassenpr\u00fcfer<\/li>\n<li>Beisitzer<\/li>\n<\/ol>\n<\/li>\n<li>Ehrungen<\/li>\n<li>Antr\u00e4ge<\/li>\n<li>Verschiedenes<\/li>\n<\/ol>\n<p>Antr\u00e4ge m\u00fcssen sp\u00e4testens eine Woche vor der Jahreshauptversammlung schriftlich beim 1. Vorsitzenden eingehen.<br \/>\nAnschrift: Markus Proksch, Eichwaldstra\u00dfe 13, 74254 Offenau oder per Mail an &#x6d;&#97;r&#x6b;&#117;s&#x2e;&#112;r&#x6f;&#x6b;&#115;&#x63;&#x68;&#64;t&#x67;&#111;f&#x66;&#101;n&#x61;&#x75;&#46;&#x64;&#x65;<\/p>\n<p>Homepage www.tgoffenau.de<\/p>\n<p>Markus Proksch<br \/>\n1. Vorsitzender TG Offenau<\/p>\n<\/div><\/div><\/div><\/div><\/div>\n","protected":false},"excerpt":{"rendered":"Hiermit lade ich alle Mitglieder der Turngemeinde Offenau 1910 e. V. zu der am Freitag, den 27. M\u00e4rz 2026 stattfindenden Jahreshauptversammlung, in unsere Sportgastst\u00e4tte, Am M\u00fchlweg 9, 74254 Offenau, recht herzlich ein. Beginn 19:30 Uhr. Tagesordnung\u00a0 Begr\u00fc\u00dfung Berichte: Vorsitzender Abteilungen Kassenbericht Kassenpr\u00fcfer Aussprache Entlastung des Vorstands Haushaltsplan 2026 Neuwahlen 1. Vorsitzender 2. Vorsitzender Finanzvorstand 2.","protected":false},"author":1,"featured_media":0,"comment_status":"open","ping_status":"open","sticky":false,"template":"","format":"standard","meta":{"footnotes":""},"categories":[149],"tags":[],"class_list":["post-13671","post","type-post","status-publish","format-standard","hentry","category-tgo"],"_links":{"self":[{"href":"https:\/\/tgoffenau.de\/tgo\/wp-json\/wp\/v2\/posts\/13671","targetHints":{"allow":["GET"]}}],"collection":[{"href":"https:\/\/tgoffenau.de\/tgo\/wp-json\/wp\/v2\/posts"}],"about":[{"href":"https:\/\/tgoffenau.de\/tgo\/wp-json\/wp\/v2\/types\/post"}],"author":[{"embeddable":true,"href":"https:\/\/tgoffenau.de\/tgo\/wp-json\/wp\/v2\/users\/1"}],"replies":[{"embeddable":true,"href":"https:\/\/tgoffenau.de\/tgo\/wp-json\/wp\/v2\/comments?post=13671"}],"version-history":[{"count":1,"href":"https:\/\/tgoffenau.de\/tgo\/wp-json\/wp\/v2\/posts\/13671\/revisions"}],"predecessor-version":[{"id":13672,"href":"https:\/\/tgoffenau.de\/tgo\/wp-json\/wp\/v2\/posts\/13671\/revisions\/13672"}],"wp:attachment":[{"href":"https:\/\/tgoffenau.de\/tgo\/wp-json\/wp\/v2\/media?parent=13671"}],"wp:term":[{"taxonomy":"category","embeddable":true,"href":"https:\/\/tgoffenau.de\/tgo\/wp-json\/wp\/v2\/categories?post=13671"},{"taxonomy":"post_tag","embeddable":true,"href":"https:\/\/tgoffenau.de\/tgo\/wp-json\/wp\/v2\/tags?post=13671"}],"curies":[{"name":"wp","href":"https:\/\/api.w.org\/{rel}","templated":true}]}}