{"id":13317,"date":"2025-11-30T21:26:12","date_gmt":"2025-11-30T20:26:12","guid":{"rendered":"https:\/\/tgoffenau.de\/tgo\/?p=13317"},"modified":"2025-11-30T21:26:12","modified_gmt":"2025-11-30T20:26:12","slug":"spielergebnisse-65","status":"publish","type":"post","link":"https:\/\/tgoffenau.de\/tgo\/spielergebnisse-65\/","title":{"rendered":"Spielergebnisse"},"content":{"rendered":"<div class=\"fusion-fullwidth fullwidth-box fusion-builder-row-1 fusion-flex-container has-pattern-background has-mask-background nonhundred-percent-fullwidth non-hundred-percent-height-scrolling\" style=\"--awb-border-radius-top-left:0px;--awb-border-radius-top-right:0px;--awb-border-radius-bottom-right:0px;--awb-border-radius-bottom-left:0px;--awb-flex-wrap:wrap;\" ><div class=\"fusion-builder-row fusion-row fusion-flex-align-items-flex-start fusion-flex-content-wrap\" style=\"max-width:1216.8px;margin-left: calc(-4% \/ 2 );margin-right: calc(-4% \/ 2 );\"><div class=\"fusion-layout-column fusion_builder_column fusion-builder-column-0 fusion_builder_column_1_1 1_1 fusion-flex-column\" style=\"--awb-bg-size:cover;--awb-width-large:100%;--awb-margin-top-large:0px;--awb-spacing-right-large:1.92%;--awb-margin-bottom-large:20px;--awb-spacing-left-large:1.92%;--awb-width-medium:100%;--awb-order-medium:0;--awb-spacing-right-medium:1.92%;--awb-spacing-left-medium:1.92%;--awb-width-small:100%;--awb-order-small:0;--awb-spacing-right-small:1.92%;--awb-spacing-left-small:1.92%;\"><div class=\"fusion-column-wrapper fusion-column-has-shadow fusion-flex-justify-content-flex-start fusion-content-layout-column\"><div class=\"fusion-text fusion-text-1\"><p><strong><em><u>JUGEND<\/u><\/em><\/strong><\/p>\n<p><strong>Jungen U13 Kreisklasse 2: <br \/>\n<\/strong><strong><em>TG Offenau 1 \u2013 TSV Herbolzheim 1 \u00a0&#8211; 3:6<\/em><\/strong><\/p>\n<p>&nbsp;<\/p>\n<p><strong><em><u>AKTIVE<\/u><\/em><\/strong><\/p>\n<p><strong>Herren Kreisliga A Gr.1:<br \/>\n<\/strong><strong><em>TG Offenau 1 \u2013 SpVgg Oedheim 3 &#8211; 9:0<\/em><\/strong><\/p>\n<p>Zum f\u00fcr uns vorletzten Spieltag der Hinrunde durften wir die G\u00e4ste aus Oedheim begr\u00fc\u00dfen.<br \/>\nF\u00fcr den fehlenden Holger bestritt Kay Schuster sein erstes Spiel in dieser Saison. Vielen Dank f\u00fcr deinen Einsatz!<\/p>\n<p>In den Doppeln starteten wir wie gewohnt mit Lorenz Bogumil\/Moritz Brasch (3:2) und Clemens Gehrig\/Matthias Pustlauk (3:1) erfolgreich ins Spiel. Das neu formierte Doppel Kay Schuster\/Timo Pustlauk (3:0) konnte ebenfalls f\u00fcr Offenau punkten.<\/p>\n<p>Auch in den Einzeln gaben wir uns keine Bl\u00f6\u00dfe und behielten alle Punkte in Offenau, wodurch nach fast zwei Stunden Spielzeit der verdiente 9:0-Sieg feststand.<\/p>\n<p>Damit kommt es am letzten Spieltag (13.12. um 16 Uhr) zum Topspiel um Platz 2 mit Schozach.<\/p>\n<p><em>T.P.<\/em><\/p>\n<p><strong>Herren Kreisliga C Gr.1:<br \/>\n<\/strong><strong><em>TG Offenau 2 \u2013 TSV Untereisesheim 3 &#8211; 9:5<\/em><\/strong><\/p>\n<p><strong>Herren Kreisliga C Gr.1: <br \/>\n<\/strong><strong><em>TG Offenau 2 \u2013 TSV Erlenbach 2 &#8211; 3:9<\/em><\/strong><\/p>\n<p><em>\u00a0<\/em><\/p>\n<p><strong><em><u>Spielvorschau<\/u><\/em><\/strong><\/p>\n<table>\n<tbody>\n<tr>\n<td width=\"73\">\n<p><strong>Spieltag<\/strong><\/p>\n<\/td>\n<td width=\"66\">\n<p><strong>Beginn<\/strong><\/p>\n<\/td>\n<td width=\"76\">\n<p><strong>Abfahrt<\/strong><\/p>\n<\/td>\n<td width=\"161\">\n<p><strong>Heimmannschaft<\/strong><\/p>\n<\/td>\n<td width=\"161\">\n<p><strong>Gastmannschaft<\/strong><\/p>\n<\/td>\n<td width=\"158\">\n<p><strong>Betreuer<\/strong><\/p>\n<\/td>\n<\/tr>\n<tr>\n<td width=\"73\">\n<p>06.12.25<\/p>\n<\/td>\n<td width=\"66\">\n<p>14:00<\/p>\n<\/td>\n<td width=\"76\">\n<p>13:15<\/p>\n<\/td>\n<td width=\"161\">\n<p>Friedrichshaller SV (Kocherwaldhalle)<\/p>\n<\/td>\n<td width=\"161\">\n<p><strong>Jungen U13<\/strong><\/p>\n<\/td>\n<td width=\"158\">\n<p>Lorenz Bogumil<\/p>\n<\/td>\n<\/tr>\n<tr>\n<td width=\"73\">\n<p>06.12.25<\/p>\n<\/td>\n<td width=\"66\">\n<p>18:00<\/p>\n<\/td>\n<td width=\"76\">\n<p>A<\/p>\n<\/td>\n<td width=\"161\">\n<p>TSV Willsbach II<\/p>\n<\/td>\n<td width=\"161\">\n<p><strong>Herren II<\/strong><\/p>\n<\/td>\n<td width=\"158\">\n<p>&#8211;<\/p>\n<\/td>\n<\/tr>\n<\/tbody>\n<\/table>\n<p>&nbsp;<\/p>\n<p><strong><em>Christian Schiemer<\/em><\/strong><\/p>\n<\/div><\/div><\/div><\/div><\/div>\n","protected":false},"excerpt":{"rendered":"JUGEND Jungen U13 Kreisklasse 2: TG Offenau 1 \u2013 TSV Herbolzheim 1 \u00a0- 3:6 &nbsp; AKTIVE Herren Kreisliga A Gr.1: TG Offenau 1 \u2013 SpVgg Oedheim 3 - 9:0 Zum f\u00fcr uns vorletzten Spieltag der Hinrunde durften wir die G\u00e4ste aus Oedheim begr\u00fc\u00dfen. F\u00fcr den fehlenden Holger bestritt Kay Schuster sein erstes Spiel in dieser","protected":false},"author":1,"featured_media":0,"comment_status":"open","ping_status":"open","sticky":false,"template":"","format":"standard","meta":{"footnotes":""},"categories":[48],"tags":[],"class_list":["post-13317","post","type-post","status-publish","format-standard","hentry","category-tischtennis"],"_links":{"self":[{"href":"https:\/\/tgoffenau.de\/tgo\/wp-json\/wp\/v2\/posts\/13317","targetHints":{"allow":["GET"]}}],"collection":[{"href":"https:\/\/tgoffenau.de\/tgo\/wp-json\/wp\/v2\/posts"}],"about":[{"href":"https:\/\/tgoffenau.de\/tgo\/wp-json\/wp\/v2\/types\/post"}],"author":[{"embeddable":true,"href":"https:\/\/tgoffenau.de\/tgo\/wp-json\/wp\/v2\/users\/1"}],"replies":[{"embeddable":true,"href":"https:\/\/tgoffenau.de\/tgo\/wp-json\/wp\/v2\/comments?post=13317"}],"version-history":[{"count":1,"href":"https:\/\/tgoffenau.de\/tgo\/wp-json\/wp\/v2\/posts\/13317\/revisions"}],"predecessor-version":[{"id":13318,"href":"https:\/\/tgoffenau.de\/tgo\/wp-json\/wp\/v2\/posts\/13317\/revisions\/13318"}],"wp:attachment":[{"href":"https:\/\/tgoffenau.de\/tgo\/wp-json\/wp\/v2\/media?parent=13317"}],"wp:term":[{"taxonomy":"category","embeddable":true,"href":"https:\/\/tgoffenau.de\/tgo\/wp-json\/wp\/v2\/categories?post=13317"},{"taxonomy":"post_tag","embeddable":true,"href":"https:\/\/tgoffenau.de\/tgo\/wp-json\/wp\/v2\/tags?post=13317"}],"curies":[{"name":"wp","href":"https:\/\/api.w.org\/{rel}","templated":true}]}}