{"id":13047,"date":"2025-07-06T20:07:06","date_gmt":"2025-07-06T18:07:06","guid":{"rendered":"https:\/\/tgoffenau.de\/tgo\/?p=13047"},"modified":"2025-07-06T20:08:13","modified_gmt":"2025-07-06T18:08:13","slug":"kornlupfer-aufbau-hat-begonnen-5","status":"publish","type":"post","link":"https:\/\/tgoffenau.de\/tgo\/kornlupfer-aufbau-hat-begonnen-5\/","title":{"rendered":"Kornlupfer-Aufbau hat begonnen"},"content":{"rendered":"<div class=\"fusion-fullwidth fullwidth-box fusion-builder-row-1 fusion-flex-container has-pattern-background has-mask-background nonhundred-percent-fullwidth non-hundred-percent-height-scrolling\" style=\"--awb-border-radius-top-left:0px;--awb-border-radius-top-right:0px;--awb-border-radius-bottom-right:0px;--awb-border-radius-bottom-left:0px;--awb-flex-wrap:wrap;\" ><div class=\"fusion-builder-row fusion-row fusion-flex-align-items-flex-start fusion-flex-content-wrap\" style=\"max-width:1216.8px;margin-left: calc(-4% \/ 2 );margin-right: calc(-4% \/ 2 );\"><div class=\"fusion-layout-column fusion_builder_column fusion-builder-column-0 fusion_builder_column_1_1 1_1 fusion-flex-column\" style=\"--awb-bg-size:cover;--awb-width-large:100%;--awb-margin-top-large:0px;--awb-spacing-right-large:1.92%;--awb-margin-bottom-large:20px;--awb-spacing-left-large:1.92%;--awb-width-medium:100%;--awb-order-medium:0;--awb-spacing-right-medium:1.92%;--awb-spacing-left-medium:1.92%;--awb-width-small:100%;--awb-order-small:0;--awb-spacing-right-small:1.92%;--awb-spacing-left-small:1.92%;\"><div class=\"fusion-column-wrapper fusion-column-has-shadow fusion-flex-justify-content-flex-start fusion-content-layout-column\"><div class=\"fusion-text fusion-text-1\"><p><strong>Einsatzplan ist online<\/strong><\/p>\n<p>Auf <a href=\"http:\/\/www.tgoffenau.de\">www.tgoffenau.de<\/a> ist der <a href=\"https:\/\/tgo-volleyball.de\/vb\/kornlupfer2025\/kornPlan.php\" target=\"_blank\" rel=\"noopener\">Einsatzplan<\/a> der Volleyballer online eingestellt und bereits sehr gut gef\u00fcllt. Vielen Dank allen, die sich bereits eingetragen haben und vielen Dank auch an die, die sich noch eintragen werden. Wir freuen uns \u00fcber weitere Helferinnen und Helfer !!\u00a0<\/p>\n<p>Mit ordentlich Teampower konnten am Freitagabend 2 Gr\u00e4ben f\u00fcr Leerrohre ausgehoben und nach Einbau der Rohre wieder verschlossen werden. Am Samstag konnte dann mit kleiner Teamst\u00e4rke die neue Kornlupfer-Dachterrasse auf dem SeeContainer montiert werden. So darf es die n\u00e4chsten Tage gerne weiter gehen. Unter der Woche gilt es nochmals Kraft zu tanken, bevor dann das gro\u00dfe Aufbauwochenende ansteht:\u00a0<\/p>\n<p><strong>Freitag, 12. Juli 2025, ab 18:00 Uhr (Treffpunkt Vereinshalle)<\/strong><\/p>\n<p>Aufstellung Wagen, Verkabelung, Beladung der Anh\u00e4nger, <strong><u>anschliessend Training.\u00a0<\/u><\/strong><\/p>\n<p><strong>Samstag, 13. Juli 2025, ab 09.00 Uhr<\/strong><\/p>\n<p>Montage Lichterketten und Beleuchtungstechnik, Aufbau Sp\u00fclzelt, Verkabelung Wagen\u00a0<\/p>\n<p><strong>Mittwoch, 16. Juli 2025, ab 17.00 Uhr<\/strong><\/p>\n<p>Aufbau B\u00fchne, Aufbau Grill-Pavillon, Herstellung Tzatziki (Vereinsk\u00fcche Saline)\u00a0<\/p>\n<p><strong>Donnerstag, 17. Juli 2025 ab 16.00 Uhr<\/strong><\/p>\n<p>Gl\u00e4serreinigung, Infrastruktur, Bierwagen, Aufstellung Garnituren, Aufbau Zelt<strong>\u00a0<\/strong><\/p>\n<p><strong>Freitag, 18. Juli 2025 ab 16.00 Uhr<\/strong><\/p>\n<p>Restarbeiten, Fertigstellung Gel\u00e4nde und Inbetriebnahme technische Ger\u00e4tschaften<\/p>\n<p>Anschliessend offizielle Einweihung der neuen Dachterrasse mit dem traditionellen Grillfest!\u00a0<\/p>\n<p><strong>Samstag, 19. Juli 2025 ab 09.00 Uhr<\/strong><\/p>\n<p>Dekoration Festplatz, Preisaushang, Herstellung Salate (Vereinsk\u00fcche Saline)\u00a0<\/p>\n<p><strong>Dienstag, 22. Juli 2025 ab 09.00 Uhr<\/strong><\/p>\n<p>Abbau !! Vor dem Fest ist bereits auch nach dem Fest und auch der Abbau muss organisiert sein. Bitte helft mit, dass nach intensiven Festtagen mit vielen Helferinnen und Helfern der Abbau schnell und z\u00fcgig voranschreitet. Hier k\u00f6nnen wir jede helfende Hand gebrauchen. <strong>Auch nach einem Arbeitstag am Arbeitsplatz bitte zum Feierabend ans Neckarufer kommen !!\u00a0<\/strong><\/p>\n<p>Essen und Trinken w\u00e4hrend allen Aufbautagen wie immer reichlich f\u00fcr alle Helfer vorhanden!<\/p>\n<\/div><div class=\"fusion-text fusion-text-2\"><p><img decoding=\"async\" class=\"lazyload size-full wp-image-13048 aligncenter\" src=\"data:image\/svg+xml,%3Csvg%20xmlns%3D%27http%3A%2F%2Fwww.w3.org%2F2000%2Fsvg%27%20width%3D%271080%27%20height%3D%27809%27%20viewBox%3D%270%200%201080%20809%27%3E%3Crect%20width%3D%271080%27%20height%3D%27809%27%20fill-opacity%3D%220%22%2F%3E%3C%2Fsvg%3E\" data-orig-src=\"https:\/\/tgoffenau.de\/tgo\/wp-content\/uploads\/2025\/07\/2025-07-06-IMG_0614-k.jpg\" alt=\"\" width=\"1080\" height=\"809\" \/><\/p>\n<\/div><\/div><\/div><\/div><\/div>\n","protected":false},"excerpt":{"rendered":"Einsatzplan ist online Auf www.tgoffenau.de ist der Einsatzplan der Volleyballer online eingestellt und bereits sehr gut gef\u00fcllt. Vielen Dank allen, die sich bereits eingetragen haben und vielen Dank auch an die, die sich noch eintragen werden. Wir freuen uns \u00fcber weitere Helferinnen und Helfer !!\u00a0 Mit ordentlich Teampower konnten am Freitagabend 2 Gr\u00e4ben f\u00fcr Leerrohre","protected":false},"author":1,"featured_media":0,"comment_status":"open","ping_status":"open","sticky":false,"template":"","format":"standard","meta":{"footnotes":""},"categories":[49],"tags":[],"class_list":["post-13047","post","type-post","status-publish","format-standard","hentry","category-volleyball"],"_links":{"self":[{"href":"https:\/\/tgoffenau.de\/tgo\/wp-json\/wp\/v2\/posts\/13047","targetHints":{"allow":["GET"]}}],"collection":[{"href":"https:\/\/tgoffenau.de\/tgo\/wp-json\/wp\/v2\/posts"}],"about":[{"href":"https:\/\/tgoffenau.de\/tgo\/wp-json\/wp\/v2\/types\/post"}],"author":[{"embeddable":true,"href":"https:\/\/tgoffenau.de\/tgo\/wp-json\/wp\/v2\/users\/1"}],"replies":[{"embeddable":true,"href":"https:\/\/tgoffenau.de\/tgo\/wp-json\/wp\/v2\/comments?post=13047"}],"version-history":[{"count":2,"href":"https:\/\/tgoffenau.de\/tgo\/wp-json\/wp\/v2\/posts\/13047\/revisions"}],"predecessor-version":[{"id":13050,"href":"https:\/\/tgoffenau.de\/tgo\/wp-json\/wp\/v2\/posts\/13047\/revisions\/13050"}],"wp:attachment":[{"href":"https:\/\/tgoffenau.de\/tgo\/wp-json\/wp\/v2\/media?parent=13047"}],"wp:term":[{"taxonomy":"category","embeddable":true,"href":"https:\/\/tgoffenau.de\/tgo\/wp-json\/wp\/v2\/categories?post=13047"},{"taxonomy":"post_tag","embeddable":true,"href":"https:\/\/tgoffenau.de\/tgo\/wp-json\/wp\/v2\/tags?post=13047"}],"curies":[{"name":"wp","href":"https:\/\/api.w.org\/{rel}","templated":true}]}}