{"id":12642,"date":"2025-04-27T22:56:27","date_gmt":"2025-04-27T20:56:27","guid":{"rendered":"https:\/\/tgoffenau.de\/tgo\/?p=12642"},"modified":"2025-04-27T22:57:58","modified_gmt":"2025-04-27T20:57:58","slug":"2684-tonnen-in-unter-90-minuten","status":"publish","type":"post","link":"https:\/\/tgoffenau.de\/tgo\/2684-tonnen-in-unter-90-minuten\/","title":{"rendered":"26,84 Tonnen in unter 90 Minuten!"},"content":{"rendered":"<div class=\"fusion-fullwidth fullwidth-box fusion-builder-row-1 fusion-flex-container has-pattern-background has-mask-background nonhundred-percent-fullwidth non-hundred-percent-height-scrolling\" style=\"--awb-border-radius-top-left:0px;--awb-border-radius-top-right:0px;--awb-border-radius-bottom-right:0px;--awb-border-radius-bottom-left:0px;--awb-flex-wrap:wrap;\" ><div class=\"fusion-builder-row fusion-row fusion-flex-align-items-flex-start fusion-flex-content-wrap\" style=\"max-width:1216.8px;margin-left: calc(-4% \/ 2 );margin-right: calc(-4% \/ 2 );\"><div class=\"fusion-layout-column fusion_builder_column fusion-builder-column-0 fusion_builder_column_1_1 1_1 fusion-flex-column\" style=\"--awb-bg-size:cover;--awb-width-large:100%;--awb-margin-top-large:0px;--awb-spacing-right-large:1.92%;--awb-margin-bottom-large:20px;--awb-spacing-left-large:1.92%;--awb-width-medium:100%;--awb-order-medium:0;--awb-spacing-right-medium:1.92%;--awb-spacing-left-medium:1.92%;--awb-width-small:100%;--awb-order-small:0;--awb-spacing-right-small:1.92%;--awb-spacing-left-small:1.92%;\"><div class=\"fusion-column-wrapper fusion-column-has-shadow fusion-flex-justify-content-flex-start fusion-content-layout-column\"><div class=\"fusion-text fusion-text-1\"><p>Was war denn da am Samstag in Offenau los ? Menschen mit Schubkarren und Schaufeln fr\u00fchmorgens im Ort ? Eine neue Gro\u00dfbaustelle ?<\/p>\n<p>Nein \u2013 die Beachsportanlage wurde f\u00fcr die Sommersaison gerichtet. Nach 5 Jahren intensiver Nutzung mussten die beiden Spielfelder mit frischem Sand aufgef\u00fcllt werden. Fast 27 Tonnen des vom Deutschen Volleyball-Verband zertifizierten Spezialsandes wurde per Sattelzug nach Offenau gebracht und dank des Teleskopladers von Josef Wanner am Freitagvormittag auf die Beachsportanlage transportiert.<\/p>\n<p>Ab dort war dann Teampower und Handarbeit gefragt. \u00dcber 30 Helferinnen und Helfer sind zum Arbeitseinsatz gekommen und haben ihre Schubkarren, Schaufeln und Rechen mitgebracht. Nachdem zuerst die Spuren des Winters beseitigt wurden, Unkraut und Laub aus dem Sand entfernt wurde, ging es dann mit vereinten Kr\u00e4ften die Sandberge. Dank der \u00fcberw\u00e4ltigenden Zahl an Helfer, Schubkarren, Schaufeln und Rechen konnten die 26,84 Tonnen Sand in weniger als 90 Minuten auf die beiden Felder verteilt und ebengezogen werden. Die Beteiligung aus allen sportlichen Gruppen der Volleyballer war wieder einmal sensationell.<\/p>\n<p>Danach wurden noch die Netze und Linien aufgebaut, Rasen gem\u00e4ht, Wege freigeschnitten, die Gartenm\u00f6bel und Liegest\u00fchle ges\u00e4ubert und die Fahnen am Sportheim gehisst. Damit ist die Anlage f\u00fcr die kommenden Sommermonate gerichtet, die Beachsaison 2025 er\u00f6ffnet und sp\u00e4testens nach dem Wolleball-Kapp wird die Anlage auch sportlich genutzt und die ersten B\u00e4lle gespielt.<\/p>\n<p>Ein ganz gro\u00dfes Dankesch\u00f6n an alle Helferinnen und Helfer die in der Vorbereitung, beim Arbeitseinsatz und bei der Verpflegung des Teams mitgewirkt haben. Vielen Dank an Josef Wanner, der seinen Teleskoplader f\u00fcr die Vorarbeiten zur Verf\u00fcgung gestellt und damit einiges an Schwei\u00df und Muskelkater eingespart hat.<\/p>\n<\/div><div class=\"fusion-text fusion-text-2\"><p><a href=\"https:\/\/tgoffenau.de\/tgo\/wp-content\/uploads\/2025\/04\/Foto1TeleskopladerimEinsatz.jpg\" data-lbwps-width=\"594\" data-lbwps-height=\"336\" data-lbwps-srcsmall=\"https:\/\/tgoffenau.de\/tgo\/wp-content\/uploads\/2025\/04\/Foto1TeleskopladerimEinsatz.jpg\"><img decoding=\"async\" class=\"lazyload alignnone wp-image-12643\" src=\"data:image\/svg+xml,%3Csvg%20xmlns%3D%27http%3A%2F%2Fwww.w3.org%2F2000%2Fsvg%27%20width%3D%27300%27%20height%3D%27170%27%20viewBox%3D%270%200%20300%20170%27%3E%3Crect%20width%3D%27300%27%20height%3D%27170%27%20fill-opacity%3D%220%22%2F%3E%3C%2Fsvg%3E\" data-orig-src=\"https:\/\/tgoffenau.de\/tgo\/wp-content\/uploads\/2025\/04\/Foto1TeleskopladerimEinsatz.jpg\" alt=\"\" width=\"300\" height=\"170\" \/><\/a> <a href=\"https:\/\/tgoffenau.de\/tgo\/wp-content\/uploads\/2025\/04\/Foto2Sandverteilen-k2.jpg\" data-lbwps-width=\"1200\" data-lbwps-height=\"900\" data-lbwps-srcsmall=\"https:\/\/tgoffenau.de\/tgo\/wp-content\/uploads\/2025\/04\/Foto2Sandverteilen-k2.jpg\"><img decoding=\"async\" class=\"lazyload alignnone wp-image-12644\" src=\"data:image\/svg+xml,%3Csvg%20xmlns%3D%27http%3A%2F%2Fwww.w3.org%2F2000%2Fsvg%27%20width%3D%27300%27%20height%3D%27225%27%20viewBox%3D%270%200%20300%20225%27%3E%3Crect%20width%3D%27300%27%20height%3D%27225%27%20fill-opacity%3D%220%22%2F%3E%3C%2Fsvg%3E\" data-orig-src=\"https:\/\/tgoffenau.de\/tgo\/wp-content\/uploads\/2025\/04\/Foto2Sandverteilen-k2.jpg\" alt=\"\" width=\"300\" height=\"225\" \/><\/a> <a href=\"https:\/\/tgoffenau.de\/tgo\/wp-content\/uploads\/2025\/04\/Foto3alleHelfer-k2.jpg\" data-lbwps-width=\"1200\" data-lbwps-height=\"900\" data-lbwps-srcsmall=\"https:\/\/tgoffenau.de\/tgo\/wp-content\/uploads\/2025\/04\/Foto3alleHelfer-k2.jpg\"><img decoding=\"async\" class=\"lazyload alignnone wp-image-12645\" src=\"data:image\/svg+xml,%3Csvg%20xmlns%3D%27http%3A%2F%2Fwww.w3.org%2F2000%2Fsvg%27%20width%3D%27300%27%20height%3D%27225%27%20viewBox%3D%270%200%20300%20225%27%3E%3Crect%20width%3D%27300%27%20height%3D%27225%27%20fill-opacity%3D%220%22%2F%3E%3C%2Fsvg%3E\" data-orig-src=\"https:\/\/tgoffenau.de\/tgo\/wp-content\/uploads\/2025\/04\/Foto3alleHelfer-k2.jpg\" alt=\"\" width=\"300\" height=\"225\" \/><\/a><\/p>\n<hr \/>\n<p>&nbsp;<\/p>\n<\/div><div class=\"fusion-text fusion-text-3\"><p><strong>Wolleball-Kapp 2025<\/strong><\/p>\n<p>Die meisten Startpl\u00e4tze f\u00fcr den Wolleball-Kapp am 10.05.2025 sind belegt. Noch besteht die Chance beim Turnier dabei zu sein. Alle Anmeldeinfos gibt\u2019s auf <a href=\"https:\/\/tgoffenau.de\/tgo\/anmeldung-wolleball-kapp\/\">www.tgoffenau.de<\/a><\/p>\n<\/div><div class=\"fusion-text fusion-text-4\"><p><strong>Kuchen &amp; Torten f\u00fcr Wolleball-Kapp<\/strong><\/p>\n<p>F\u00fcr die Sportlerinnen und Sportler sowie G\u00e4ste und Fans des Wolleball-Kapps soll es auch wieder ein gro\u00dfen Kuchen- und Tortenbuffet geben. Dazu freuen wir uns auf viele Kuchen- und Tortenspenden. Bettina Fischer (<a href=\"mailto&#58;&#98;&#101;&#116;&#116;&#105;&#110;&#x61;&#x2e;&#x66;&#x69;&#x73;&#x63;&#x68;&#x65;&#x72;&#x40;&#x74;&#x67;offena&#117;&#46;&#100;&#101;\">&#x62;e&#x74;&#116;i&#x6e;&#97;&#x2e;&#x66;i&#x73;&#99;h&#x65;&#114;&#x40;&#116;g&#x6f;&#102;f&#x65;&#110;&#x61;&#117;&#46;&#x64;&#101;<\/a>) freut sich auf viele R\u00fcckmeldungen. Auch die \u00dcbungsleiter und Jugendtrainer \u00fcber nehmen die R\u00fcckmeldungen gerne entgegen.<\/p>\n<hr \/>\n<p>&nbsp;<\/p>\n<\/div><div class=\"fusion-text fusion-text-5\"><p><strong>Hauptversammlung und Helferfest 2025<\/strong><\/p>\n<p>Zur Jahreshauptversammlung und anschlie\u00dfend zum Volleyballhelferfest laden wir alle Abteilungsmitglieder <strong>und Partner<\/strong> sehr herzlich ein. Sie findet am Samstag, <strong>17. Mai 2025<\/strong> um <strong>18.00 Uhr<\/strong> statt. Sitzungsort: Kulturforum Saline, Hauptstr. 8, kleiner Saal im Kulturforum, 74254 Offenau a. N. \u00a0<\/p>\n<p><strong>Folgende Tagesordnung f\u00fcr die Hauptversammlung wurde festgelegt:<\/strong><\/p>\n<p>TOP 1 Begr\u00fc\u00dfung durch den Abteilungsleiter<\/p>\n<p>TOP 2 kurze Berichte Kids I und II, Jugend, Nachwuchsteam, 40+\/Freizeit, Aktive, BSA<\/p>\n<p>\u00a0 \u00a0Bericht Kasse<\/p>\n<ol>\n<li>Entwicklung Finanzen im Jahr 2024<\/li>\n<li>Haushaltsplan 2025<\/li>\n<li>Bericht Kassenpr\u00fcfer &amp; Entlastung Kassier<\/li>\n<\/ol>\n<p>TOP 3 Aussprache zu den Berichten<\/p>\n<p>TOP 4 Entlastung Vorstand<\/p>\n<p>TOP 5 Wahlen (m\/w\/d)<\/p>\n<ol>\n<li>stv. Abteilungsleiterin<\/li>\n<li>Leiter Finanzen\/Kassier<\/li>\n<li>Schriftf\u00fchrer\/Presse\/\u00d6A<\/li>\n<li>stv. Leiterin Helferteam<\/li>\n<li>Beisitzer Jugend<\/li>\n<li>Kassenpr\u00fcfer<\/li>\n<li>Jubil\u00e4umswart<\/li>\n<\/ol>\n<p>TOP 6 47. Kornlupferfest 19. \u2013 21. Juli 2025\u00a0<\/p>\n<ol>\n<li>R\u00fcckblick 2024<\/li>\n<li>Ausblick 2025<\/li>\n<li>Status Dachterrasse, Anschaffung Kleinzelt<\/li>\n<\/ol>\n<p>TOP 7 Beachsportanlage<\/p>\n<ol>\n<li>Ausrichtung Turnier 2025<\/li>\n<\/ol>\n<p>TOP 8 Antr\u00e4ge (einzureichen bis 09.05.2025 beim Abteilungsleiter)<\/p>\n<p>TOP 9 Ehrungen<\/p>\n<p>Wir freuen uns auf eine personell zahlreiche und diskussionsfreudige Jahreshauptversammlung sowie im Anschluss viel Spa\u00df und gute Laune beim Helferfest 2025.<\/p>\n<p>&nbsp;<\/p>\n<p><strong>Eure Partner sind ebenfalls herzlich eingeladen. Anmeldungen bitte bis zum 07.05.2025 \u00fcber die Homepage der TG Offenau.<\/strong><\/p>\n<p>F\u00fcr die Abteilung Volleyball<\/p>\n<p>Matthias H\u00f6ll, Abteilungsleiter<br \/>\nJ\u00fcrgen Kowol, Schriftf\u00fchrer<\/p>\n<\/div><\/div><\/div><\/div><\/div>\n","protected":false},"excerpt":{"rendered":"Was war denn da am Samstag in Offenau los ? Menschen mit Schubkarren und Schaufeln fr\u00fchmorgens im Ort ? Eine neue Gro\u00dfbaustelle ? Nein \u2013 die Beachsportanlage wurde f\u00fcr die Sommersaison gerichtet. Nach 5 Jahren intensiver Nutzung mussten die beiden Spielfelder mit frischem Sand aufgef\u00fcllt werden. Fast 27 Tonnen des vom Deutschen Volleyball-Verband zertifizierten Spezialsandes","protected":false},"author":1,"featured_media":0,"comment_status":"open","ping_status":"open","sticky":false,"template":"","format":"standard","meta":{"footnotes":""},"categories":[49],"tags":[],"class_list":["post-12642","post","type-post","status-publish","format-standard","hentry","category-volleyball"],"_links":{"self":[{"href":"https:\/\/tgoffenau.de\/tgo\/wp-json\/wp\/v2\/posts\/12642","targetHints":{"allow":["GET"]}}],"collection":[{"href":"https:\/\/tgoffenau.de\/tgo\/wp-json\/wp\/v2\/posts"}],"about":[{"href":"https:\/\/tgoffenau.de\/tgo\/wp-json\/wp\/v2\/types\/post"}],"author":[{"embeddable":true,"href":"https:\/\/tgoffenau.de\/tgo\/wp-json\/wp\/v2\/users\/1"}],"replies":[{"embeddable":true,"href":"https:\/\/tgoffenau.de\/tgo\/wp-json\/wp\/v2\/comments?post=12642"}],"version-history":[{"count":2,"href":"https:\/\/tgoffenau.de\/tgo\/wp-json\/wp\/v2\/posts\/12642\/revisions"}],"predecessor-version":[{"id":12647,"href":"https:\/\/tgoffenau.de\/tgo\/wp-json\/wp\/v2\/posts\/12642\/revisions\/12647"}],"wp:attachment":[{"href":"https:\/\/tgoffenau.de\/tgo\/wp-json\/wp\/v2\/media?parent=12642"}],"wp:term":[{"taxonomy":"category","embeddable":true,"href":"https:\/\/tgoffenau.de\/tgo\/wp-json\/wp\/v2\/categories?post=12642"},{"taxonomy":"post_tag","embeddable":true,"href":"https:\/\/tgoffenau.de\/tgo\/wp-json\/wp\/v2\/tags?post=12642"}],"curies":[{"name":"wp","href":"https:\/\/api.w.org\/{rel}","templated":true}]}}